{"id":495,"date":"2024-04-01T19:04:10","date_gmt":"2024-04-01T19:04:10","guid":{"rendered":"https:\/\/www.resa.mx\/?p=495"},"modified":"2024-04-01T19:04:15","modified_gmt":"2024-04-01T19:04:15","slug":"felicidad-y-trabajo","status":"publish","type":"post","link":"https:\/\/www.resa.mx\/en\/felicidad-y-trabajo\/","title":{"rendered":"Felicidad y trabajo"},"content":{"rendered":"<p>El pasado 20 de marzo; fue el d\u00eda internacional de la felicidad.&nbsp;<\/p>\n\n\n\n<p>Este es un concepto relativamente nuevo, sobre todo en Latinoam\u00e9rica.<\/p>\n\n\n\n<p>La felicidad se describe como \u201cAlcanzar el desarrollo \u00f3ptimo\u201d.&nbsp;<\/p>\n\n\n\n<p>Suena muy et\u00e9reo pero no es m\u00e1s que tener equilibrio en las diferentes \u00e1reas de tu vida: salud, relaciones con otras personas, cumplimiento de metas, prop\u00f3sito, vida espiritual.&nbsp;<\/p>\n\n\n\n<p>En el trabajo tiene un impacto importante a\u00fan que creamos que no. Muchos a\u00f1os se ha manejado el que est\u00e1 dividido el \u00e1mbito personal y el laboral\u201d los asuntos del trabajo se quedan ah\u00ed\u201d nos dec\u00edan y nos sent\u00edamos mal si no pod\u00edamos hacerlo. Lo cierto es que como seres humanos todo est\u00e1 relacionado y no lo podemos separar.\u00a0<\/p>\n\n\n\n<p>Es importante destacar que ser feliz es una responsabilidad personal, sin embargo, ya que pasamos muchas horas en el trabajo, muchas empresas y departamentos de recursos humanos se han dado a la tarea de crear conciencia de la importancia de ser feliz en el trabajo,&nbsp;<\/p>\n\n\n\n<p>Sabemos que trabajamos por un salario y sin duda es una parte importante en la felicidad, hay otros conceptos que tanto la empresa como los colaboradores podemos tomar en cuenta para hacer de nuestros d\u00edas, semanas,&nbsp;&nbsp;meses o el tiempo necesario, m\u00e1s placentero y con ello m\u00e1s productivo.<\/p>\n\n\n\n<p>Cultivar las relaciones con compa\u00f1eros de manera cordial es important\u00edsimo para crear un ambiente de trabajo \u201cFeliz\u201d pero tambi\u00e9n m\u00e1s provechoso, ya que podemos aceptar ideas o colaboraciones m\u00e1s f\u00e1cilmente.<\/p>\n\n\n\n<p>Por otro lado, los l\u00edderes que conocen a los miembros de su equipo, saben que habilidades tiene cada miembro y utilizarlas para lograr los objetivos m\u00e1s f\u00e1cilmente.<\/p>\n\n\n\n<p>La empresa puede poner los medios para que el cumplimiento del trabajo sea agradable con las pol\u00edticas y estrategias adecuadas para crear un ambiente de trabajo equilibrado. No olvidemos que la felicidad es decisi\u00f3n de cada persona pero hay mucho que como l\u00edderes y empresa podemos hacer si prestamos un poco de atenci\u00f3n a nuestro equipo y no solo en alcanzar los \u201cn\u00fameros\u201d si hacemos esto, llegaremos a ellos de manera natural.<\/p>\n\n\n\n<p><\/p>","protected":false},"excerpt":{"rendered":"<p>El pasado 20 de marzo; fue el d\u00eda internacional de la felicidad.\u00a0<\/p>\n<p>Este es un concepto relativamente nuevo, sobretodo en Latinoam\u00e9rica.<\/p>\n<p>La felicidad se describe como \u201cAlcanzar el desarrollo \u00f3ptimo\u201d.<\/p>","protected":false},"author":2,"featured_media":497,"comment_status":"open","ping_status":"open","sticky":false,"template":"","format":"standard","meta":{"_acf_changed":false,"site-sidebar-layout":"default","site-content-layout":"","ast-site-content-layout":"","site-content-style":"default","site-sidebar-style":"default","ast-global-header-display":"","ast-banner-title-visibility":"","ast-main-header-display":"","ast-hfb-above-header-display":"","ast-hfb-below-header-display":"","ast-hfb-mobile-header-display":"","site-post-title":"","ast-breadcrumbs-content":"","ast-featured-img":"","footer-sml-layout":"","theme-transparent-header-meta":"","adv-header-id-meta":"","stick-header-meta":"","header-above-stick-meta":"","header-main-stick-meta":"","header-below-stick-meta":"","astra-migrate-meta-layouts":"default","ast-page-background-enabled":"default","ast-page-background-meta":{"desktop":{"background-color":"var(--ast-global-color-4)","background-image":"","background-repeat":"repeat","background-position":"center center","background-size":"auto","background-attachment":"scroll","background-type":"","background-media":"","overlay-type":"","overlay-color":"","overlay-gradient":""},"tablet":{"background-color":"","background-image":"","background-repeat":"repeat","background-position":"center center","background-size":"auto","background-attachment":"scroll","background-type":"","background-media":"","overlay-type":"","overlay-color":"","overlay-gradient":""},"mobile":{"background-color":"","background-image":"","background-repeat":"repeat","background-position":"center center","background-size":"auto","background-attachment":"scroll","background-type":"","background-media":"","overlay-type":"","overlay-color":"","overlay-gradient":""}},"ast-content-background-meta":{"desktop":{"background-color":"var(--ast-global-color-5)","background-image":"","background-repeat":"repeat","background-position":"center center","background-size":"auto","background-attachment":"scroll","background-type":"","background-media":"","overlay-type":"","overlay-color":"","overlay-gradient":""},"tablet":{"background-color":"var(--ast-global-color-5)","background-image":"","background-repeat":"repeat","background-position":"center center","background-size":"auto","background-attachment":"scroll","background-type":"","background-media":"","overlay-type":"","overlay-color":"","overlay-gradient":""},"mobile":{"background-color":"var(--ast-global-color-5)","background-image":"","background-repeat":"repeat","background-position":"center center","background-size":"auto","background-attachment":"scroll","background-type":"","background-media":"","overlay-type":"","overlay-color":"","overlay-gradient":""}},"footnotes":""},"categories":[1],"tags":[18,17,19,22,21,20,13,14,15,16],"class_list":["post-495","post","type-post","status-publish","format-standard","has-post-thumbnail","hentry","category-uncategorized","tag-auditoria","tag-auditoria-de-estados-financieros","tag-auditoria-fiscal","tag-auditoria-gubernamental","tag-cfdi","tag-contabilidad","tag-resa","tag-resayasociados","tag-sat","tag-servicios-de-backoffice"],"acf":[],"_links":{"self":[{"href":"https:\/\/www.resa.mx\/en\/wp-json\/wp\/v2\/posts\/495","targetHints":{"allow":["GET"]}}],"collection":[{"href":"https:\/\/www.resa.mx\/en\/wp-json\/wp\/v2\/posts"}],"about":[{"href":"https:\/\/www.resa.mx\/en\/wp-json\/wp\/v2\/types\/post"}],"author":[{"embeddable":true,"href":"https:\/\/www.resa.mx\/en\/wp-json\/wp\/v2\/users\/2"}],"replies":[{"embeddable":true,"href":"https:\/\/www.resa.mx\/en\/wp-json\/wp\/v2\/comments?post=495"}],"version-history":[{"count":2,"href":"https:\/\/www.resa.mx\/en\/wp-json\/wp\/v2\/posts\/495\/revisions"}],"predecessor-version":[{"id":498,"href":"https:\/\/www.resa.mx\/en\/wp-json\/wp\/v2\/posts\/495\/revisions\/498"}],"wp:featuredmedia":[{"embeddable":true,"href":"https:\/\/www.resa.mx\/en\/wp-json\/wp\/v2\/media\/497"}],"wp:attachment":[{"href":"https:\/\/www.resa.mx\/en\/wp-json\/wp\/v2\/media?parent=495"}],"wp:term":[{"taxonomy":"category","embeddable":true,"href":"https:\/\/www.resa.mx\/en\/wp-json\/wp\/v2\/categories?post=495"},{"taxonomy":"post_tag","embeddable":true,"href":"https:\/\/www.resa.mx\/en\/wp-json\/wp\/v2\/tags?post=495"}],"curies":[{"name":"wp","href":"https:\/\/api.w.org\/{rel}","templated":true}]}}